{"id":1841,"date":"2026-04-27T07:05:53","date_gmt":"2026-04-27T07:05:53","guid":{"rendered":"https:\/\/atanasijornet.com\/?p=1841"},"modified":"2026-04-28T09:47:11","modified_gmt":"2026-04-28T09:47:11","slug":"atanasi-jornet-participa-en-la-taula-rodona-sobre-el-procediment-davant-duna-denuncia-per-molesties-de-soroll-al-congres-dacustica-de-catalunya","status":"publish","type":"post","link":"https:\/\/atanasijornet.com\/ca\/atanasi-jornet-participa-en-la-taula-rodona-sobre-el-procediment-davant-duna-denuncia-per-molesties-de-soroll-al-congres-dacustica-de-catalunya\/","title":{"rendered":"Atanasi Jornet participa en la taula rodona sobre el procediment davant d\u2019una den\u00fancia per mol\u00e8sties de soroll al Congr\u00e9s d\u2019Ac\u00fastica de Catalunya"},"content":{"rendered":"<p><strong>Aquest dijous 30 d\u2019abril, Atanasi Jornet \u00c1lvarez intervingr\u00e0 a la sessi\u00f3 T02 del VI Congr\u00e9s d\u2019Ac\u00fastica de Catalunya (AcustiCAT), on es debatir\u00e0 sobre el procediment administratiu per gestionar den\u00fancies per mol\u00e8sties de soroll i el dret a la mesura ac\u00fastica.<\/strong><\/p>\n<p>La taula rodona, titulada <em>\u201cProcediment davant d\u2019una den\u00fancia per mol\u00e8sties de soroll. El dret a mesurar\u201d<\/em>, tindr\u00e0 lloc el dijous 30 d\u2019abril a les 10:15 h a la Sala Marie Curie. La sessi\u00f3 s\u2019emmarca dins l\u2019eix tem\u00e0tic <em>Gesti\u00f3 i Control<\/em> del congr\u00e9s i tamb\u00e9 abordar\u00e0 el condicionament ac\u00fastic al ve\u00efnatge i els efectes que pot ocasionar sobre la salut.<\/p>\n<p>La sessi\u00f3 oferir\u00e0 un recorregut complet pel proc\u00e9s administratiu que s\u2019activa quan un ve\u00ed pateix mol\u00e8sties per soroll: des de la den\u00fancia a l\u2019Ajuntament fins a la mesura de l\u2019emiss\u00f3 ac\u00fastica, l\u2019avaluaci\u00f3 dels resultats i, si s\u2019escau, l\u2019adopci\u00f3 de mesures correctores. Un proc\u00e9s que, tal com es plantejar\u00e0 a la sessi\u00f3, sovint comen\u00e7a molts mesos despr\u00e9s de fer la den\u00fancia.<\/p>\n<h2>L\u2019aportaci\u00f3 d\u2019Atanasi Jornet<\/h2>\n<p>Atanasi Jornet \u00c1lvarez, doctor enginyer industrial i t\u00e8cnic especialitzat en ac\u00fastica, aportar\u00e0 la seva visi\u00f3 com a president del Grup de Treball del Col\u00b7legi d\u2019Enginyers Industrials de Catalunya, aix\u00ed com la seva experi\u00e8ncia com a col\u00b7laborador a FECALON, al Gremi de Restauraci\u00f3 i a l\u2019Associaci\u00f3 de Comerciants de la Pla\u00e7a Reial de Barcelona, on ha participat en reunions per a la reducci\u00f3 del soroll amb l\u2019Ajuntament de Barcelona.<\/p>\n<p>La seva participaci\u00f3 en aquesta taula rodona reflecteix el compromis d\u2019<strong>Atanasi Jornet<\/strong> amb la divulgaci\u00f3 t\u00e8cnica i la millora dels marcs normatius en mat\u00e8ria de contaminaci\u00f3 ac\u00fastica, un \u00e0mbit en el qual treballa des de fa d\u00e8cades des de la seva pr\u00f2pia oficina t\u00e8cnica.<\/p>\n<h2>Els altres ponents<\/h2>\n<p>Juntament amb Atanasi Jornet, participaran a la taula <strong>Fernando Mart\u00ednez Iglesias<\/strong>, advocat i representant de FECALON (Federaci\u00f3 Catalana de Locals d\u2019Oci Nocturn), expert en dret administratiu aplicat al soroll, els espectacles i l\u2019urbanisme; i <strong>Rub\u00e9n L\u00f3pez Tortosa<\/strong>, enginyer ac\u00fastic de T\u00dcVS\u00dcd, especialitzat en mesura de nivells sonors, vibraci\u00f3 i qualitat de l\u2019edificaci\u00f3, i acreditat per ENAC com a laboratori d\u2019assaig de soroll ambiental.<\/p>\n<h2>Sobre l\u2019AcustiCAT 2026<\/h2>\n<p>El VI Congr\u00e9s d\u2019Ac\u00fastica de Catalunya \u00e9s la trobada de refer\u00e8ncia del sector ac\u00fastic a Catalunya, organitzada pel Col\u00b7legi d\u2019Enginyers Industrials de Catalunya i coordinada per Atanasi Jornet. El congr\u00e9s aplega administracions locals, t\u00e8cnics ac\u00fastics, professionals jur\u00eddics i representants del sector privat per abordar els reptes actuals en gesti\u00f3 del soroll, condicionament ac\u00fastic i normativa.<\/p>\n","protected":false},"excerpt":{"rendered":"<p>Aquest dijous 30 d\u2019abril, Atanasi Jornet \u00c1lvarez intervingr\u00e0 a la sessi\u00f3 T02 del VI Congr\u00e9s d\u2019Ac\u00fastica de Catalunya (AcustiCAT), on es debatir\u00e0 sobre el procediment administratiu per gestionar den\u00fancies per mol\u00e8sties de soroll i el dret a la mesura ac\u00fastica. La taula rodona, titulada \u201cProcediment davant d\u2019una den\u00fancia per mol\u00e8sties de soroll. El dret a&hellip;<\/p>\n","protected":false},"author":6,"featured_media":1838,"comment_status":"open","ping_status":"open","sticky":false,"template":"","format":"standard","meta":{"_joinchat":[],"footnotes":""},"categories":[12],"tags":[],"class_list":["post-1841","post","type-post","status-publish","format-standard","has-post-thumbnail","hentry","category-sense-categoritzar","category-12","description-off"],"yoast_head":"<!-- This site is optimized with the Yoast SEO plugin v26.2 - https:\/\/yoast.com\/wordpress\/plugins\/seo\/ -->\n<title>Atanasi Jornet participa en la taula rodona sobre el procediment davant d\u2019una den\u00fancia per mol\u00e8sties de soroll al Congr\u00e9s d\u2019Ac\u00fastica de Catalunya - Dr Enginyer Atanasi Jornet<\/title>\n<meta name=\"robots\" content=\"index, follow, max-snippet:-1, max-image-preview:large, max-video-preview:-1\" \/>\n<link rel=\"canonical\" href=\"https:\/\/atanasijornet.com\/ca\/atanasi-jornet-participa-en-la-taula-rodona-sobre-el-procediment-davant-duna-denuncia-per-molesties-de-soroll-al-congres-dacustica-de-catalunya\/\" \/>\n<meta property=\"og:locale\" content=\"ca_ES\" \/>\n<meta property=\"og:type\" content=\"article\" \/>\n<meta property=\"og:title\" content=\"Atanasi Jornet participa en la taula rodona sobre el procediment davant d\u2019una den\u00fancia per mol\u00e8sties de soroll al Congr\u00e9s d\u2019Ac\u00fastica de Catalunya - Dr Enginyer Atanasi Jornet\" \/>\n<meta property=\"og:description\" content=\"Aquest dijous 30 d\u2019abril, Atanasi Jornet \u00c1lvarez intervingr\u00e0 a la sessi\u00f3 T02 del VI Congr\u00e9s d\u2019Ac\u00fastica de Catalunya (AcustiCAT), on es debatir\u00e0 sobre el procediment administratiu per gestionar den\u00fancies per mol\u00e8sties de soroll i el dret a la mesura ac\u00fastica. La taula rodona, titulada \u201cProcediment davant d\u2019una den\u00fancia per mol\u00e8sties de soroll. El dret a&hellip;\" \/>\n<meta property=\"og:url\" content=\"https:\/\/atanasijornet.com\/ca\/atanasi-jornet-participa-en-la-taula-rodona-sobre-el-procediment-davant-duna-denuncia-per-molesties-de-soroll-al-congres-dacustica-de-catalunya\/\" \/>\n<meta property=\"og:site_name\" content=\"Dr Enginyer Atanasi Jornet\" \/>\n<meta property=\"article:published_time\" content=\"2026-04-27T07:05:53+00:00\" \/>\n<meta property=\"article:modified_time\" content=\"2026-04-28T09:47:11+00:00\" \/>\n<meta property=\"og:image\" content=\"https:\/\/atanasijornet.com\/wp-content\/uploads\/2026\/04\/acusticat.png\" \/>\n\t<meta property=\"og:image:width\" content=\"2225\" \/>\n\t<meta property=\"og:image:height\" content=\"1035\" \/>\n\t<meta property=\"og:image:type\" content=\"image\/png\" \/>\n<meta name=\"author\" content=\"atanasi\" \/>\n<meta name=\"twitter:card\" content=\"summary_large_image\" \/>\n<meta name=\"twitter:label1\" content=\"Escrit per\" \/>\n\t<meta name=\"twitter:data1\" content=\"atanasi\" \/>\n\t<meta name=\"twitter:label2\" content=\"Temps estimat de lectura\" \/>\n\t<meta name=\"twitter:data2\" content=\"2 minuts\" \/>\n<script type=\"application\/ld+json\" class=\"yoast-schema-graph\">{\"@context\":\"https:\/\/schema.org\",\"@graph\":[{\"@type\":\"WebPage\",\"@id\":\"https:\/\/atanasijornet.com\/ca\/atanasi-jornet-participa-en-la-taula-rodona-sobre-el-procediment-davant-duna-denuncia-per-molesties-de-soroll-al-congres-dacustica-de-catalunya\/\",\"url\":\"https:\/\/atanasijornet.com\/ca\/atanasi-jornet-participa-en-la-taula-rodona-sobre-el-procediment-davant-duna-denuncia-per-molesties-de-soroll-al-congres-dacustica-de-catalunya\/\",\"name\":\"Atanasi Jornet participa en la taula rodona sobre el procediment davant d\u2019una den\u00fancia per mol\u00e8sties de soroll al Congr\u00e9s d\u2019Ac\u00fastica de Catalunya - Dr Enginyer Atanasi Jornet\",\"isPartOf\":{\"@id\":\"https:\/\/atanasijornet.com\/#website\"},\"primaryImageOfPage\":{\"@id\":\"https:\/\/atanasijornet.com\/ca\/atanasi-jornet-participa-en-la-taula-rodona-sobre-el-procediment-davant-duna-denuncia-per-molesties-de-soroll-al-congres-dacustica-de-catalunya\/#primaryimage\"},\"image\":{\"@id\":\"https:\/\/atanasijornet.com\/ca\/atanasi-jornet-participa-en-la-taula-rodona-sobre-el-procediment-davant-duna-denuncia-per-molesties-de-soroll-al-congres-dacustica-de-catalunya\/#primaryimage\"},\"thumbnailUrl\":\"https:\/\/atanasijornet.com\/wp-content\/uploads\/2026\/04\/acusticat.png\",\"datePublished\":\"2026-04-27T07:05:53+00:00\",\"dateModified\":\"2026-04-28T09:47:11+00:00\",\"author\":{\"@id\":\"https:\/\/atanasijornet.com\/#\/schema\/person\/bf3049a3808b2eb31f79e209e9ad3096\"},\"breadcrumb\":{\"@id\":\"https:\/\/atanasijornet.com\/ca\/atanasi-jornet-participa-en-la-taula-rodona-sobre-el-procediment-davant-duna-denuncia-per-molesties-de-soroll-al-congres-dacustica-de-catalunya\/#breadcrumb\"},\"inLanguage\":\"ca\",\"potentialAction\":[{\"@type\":\"ReadAction\",\"target\":[\"https:\/\/atanasijornet.com\/ca\/atanasi-jornet-participa-en-la-taula-rodona-sobre-el-procediment-davant-duna-denuncia-per-molesties-de-soroll-al-congres-dacustica-de-catalunya\/\"]}]},{\"@type\":\"ImageObject\",\"inLanguage\":\"ca\",\"@id\":\"https:\/\/atanasijornet.com\/ca\/atanasi-jornet-participa-en-la-taula-rodona-sobre-el-procediment-davant-duna-denuncia-per-molesties-de-soroll-al-congres-dacustica-de-catalunya\/#primaryimage\",\"url\":\"https:\/\/atanasijornet.com\/wp-content\/uploads\/2026\/04\/acusticat.png\",\"contentUrl\":\"https:\/\/atanasijornet.com\/wp-content\/uploads\/2026\/04\/acusticat.png\",\"width\":2225,\"height\":1035,\"caption\":\"acusticat 2026\"},{\"@type\":\"BreadcrumbList\",\"@id\":\"https:\/\/atanasijornet.com\/ca\/atanasi-jornet-participa-en-la-taula-rodona-sobre-el-procediment-davant-duna-denuncia-per-molesties-de-soroll-al-congres-dacustica-de-catalunya\/#breadcrumb\",\"itemListElement\":[{\"@type\":\"ListItem\",\"position\":1,\"name\":\"Portada\",\"item\":\"https:\/\/atanasijornet.com\/ca\/\"},{\"@type\":\"ListItem\",\"position\":2,\"name\":\"Atanasi Jornet participa en la taula rodona sobre el procediment davant d\u2019una den\u00fancia per mol\u00e8sties de soroll al Congr\u00e9s d\u2019Ac\u00fastica de Catalunya\"}]},{\"@type\":\"WebSite\",\"@id\":\"https:\/\/atanasijornet.com\/#website\",\"url\":\"https:\/\/atanasijornet.com\/\",\"name\":\"Atanasi Jornet\",\"description\":\"\",\"potentialAction\":[{\"@type\":\"SearchAction\",\"target\":{\"@type\":\"EntryPoint\",\"urlTemplate\":\"https:\/\/atanasijornet.com\/?s={search_term_string}\"},\"query-input\":{\"@type\":\"PropertyValueSpecification\",\"valueRequired\":true,\"valueName\":\"search_term_string\"}}],\"inLanguage\":\"ca\"},{\"@type\":\"Person\",\"@id\":\"https:\/\/atanasijornet.com\/#\/schema\/person\/bf3049a3808b2eb31f79e209e9ad3096\",\"name\":\"atanasi\",\"image\":{\"@type\":\"ImageObject\",\"inLanguage\":\"ca\",\"@id\":\"https:\/\/atanasijornet.com\/#\/schema\/person\/image\/\",\"url\":\"https:\/\/secure.gravatar.com\/avatar\/8949e39e713e949d6a44bdc36880a16716ec11a7216b3e37c785c4d8f89055bd?s=96&d=mm&r=g\",\"contentUrl\":\"https:\/\/secure.gravatar.com\/avatar\/8949e39e713e949d6a44bdc36880a16716ec11a7216b3e37c785c4d8f89055bd?s=96&d=mm&r=g\",\"caption\":\"atanasi\"},\"url\":\"https:\/\/atanasijornet.com\/ca\/author\/atanasi\/\"}]}<\/script>\n<!-- \/ Yoast SEO plugin. -->","yoast_head_json":{"title":"Atanasi Jornet participa en la taula rodona sobre el procediment davant d\u2019una den\u00fancia per mol\u00e8sties de soroll al Congr\u00e9s d\u2019Ac\u00fastica de Catalunya - Dr Enginyer Atanasi Jornet","robots":{"index":"index","follow":"follow","max-snippet":"max-snippet:-1","max-image-preview":"max-image-preview:large","max-video-preview":"max-video-preview:-1"},"canonical":"https:\/\/atanasijornet.com\/ca\/atanasi-jornet-participa-en-la-taula-rodona-sobre-el-procediment-davant-duna-denuncia-per-molesties-de-soroll-al-congres-dacustica-de-catalunya\/","og_locale":"ca_ES","og_type":"article","og_title":"Atanasi Jornet participa en la taula rodona sobre el procediment davant d\u2019una den\u00fancia per mol\u00e8sties de soroll al Congr\u00e9s d\u2019Ac\u00fastica de Catalunya - Dr Enginyer Atanasi Jornet","og_description":"Aquest dijous 30 d\u2019abril, Atanasi Jornet \u00c1lvarez intervingr\u00e0 a la sessi\u00f3 T02 del VI Congr\u00e9s d\u2019Ac\u00fastica de Catalunya (AcustiCAT), on es debatir\u00e0 sobre el procediment administratiu per gestionar den\u00fancies per mol\u00e8sties de soroll i el dret a la mesura ac\u00fastica. La taula rodona, titulada \u201cProcediment davant d\u2019una den\u00fancia per mol\u00e8sties de soroll. El dret a&hellip;","og_url":"https:\/\/atanasijornet.com\/ca\/atanasi-jornet-participa-en-la-taula-rodona-sobre-el-procediment-davant-duna-denuncia-per-molesties-de-soroll-al-congres-dacustica-de-catalunya\/","og_site_name":"Dr Enginyer Atanasi Jornet","article_published_time":"2026-04-27T07:05:53+00:00","article_modified_time":"2026-04-28T09:47:11+00:00","og_image":[{"width":2225,"height":1035,"url":"https:\/\/atanasijornet.com\/wp-content\/uploads\/2026\/04\/acusticat.png","type":"image\/png"}],"author":"atanasi","twitter_card":"summary_large_image","twitter_misc":{"Escrit per":"atanasi","Temps estimat de lectura":"2 minuts"},"schema":{"@context":"https:\/\/schema.org","@graph":[{"@type":"WebPage","@id":"https:\/\/atanasijornet.com\/ca\/atanasi-jornet-participa-en-la-taula-rodona-sobre-el-procediment-davant-duna-denuncia-per-molesties-de-soroll-al-congres-dacustica-de-catalunya\/","url":"https:\/\/atanasijornet.com\/ca\/atanasi-jornet-participa-en-la-taula-rodona-sobre-el-procediment-davant-duna-denuncia-per-molesties-de-soroll-al-congres-dacustica-de-catalunya\/","name":"Atanasi Jornet participa en la taula rodona sobre el procediment davant d\u2019una den\u00fancia per mol\u00e8sties de soroll al Congr\u00e9s d\u2019Ac\u00fastica de Catalunya - Dr Enginyer Atanasi Jornet","isPartOf":{"@id":"https:\/\/atanasijornet.com\/#website"},"primaryImageOfPage":{"@id":"https:\/\/atanasijornet.com\/ca\/atanasi-jornet-participa-en-la-taula-rodona-sobre-el-procediment-davant-duna-denuncia-per-molesties-de-soroll-al-congres-dacustica-de-catalunya\/#primaryimage"},"image":{"@id":"https:\/\/atanasijornet.com\/ca\/atanasi-jornet-participa-en-la-taula-rodona-sobre-el-procediment-davant-duna-denuncia-per-molesties-de-soroll-al-congres-dacustica-de-catalunya\/#primaryimage"},"thumbnailUrl":"https:\/\/atanasijornet.com\/wp-content\/uploads\/2026\/04\/acusticat.png","datePublished":"2026-04-27T07:05:53+00:00","dateModified":"2026-04-28T09:47:11+00:00","author":{"@id":"https:\/\/atanasijornet.com\/#\/schema\/person\/bf3049a3808b2eb31f79e209e9ad3096"},"breadcrumb":{"@id":"https:\/\/atanasijornet.com\/ca\/atanasi-jornet-participa-en-la-taula-rodona-sobre-el-procediment-davant-duna-denuncia-per-molesties-de-soroll-al-congres-dacustica-de-catalunya\/#breadcrumb"},"inLanguage":"ca","potentialAction":[{"@type":"ReadAction","target":["https:\/\/atanasijornet.com\/ca\/atanasi-jornet-participa-en-la-taula-rodona-sobre-el-procediment-davant-duna-denuncia-per-molesties-de-soroll-al-congres-dacustica-de-catalunya\/"]}]},{"@type":"ImageObject","inLanguage":"ca","@id":"https:\/\/atanasijornet.com\/ca\/atanasi-jornet-participa-en-la-taula-rodona-sobre-el-procediment-davant-duna-denuncia-per-molesties-de-soroll-al-congres-dacustica-de-catalunya\/#primaryimage","url":"https:\/\/atanasijornet.com\/wp-content\/uploads\/2026\/04\/acusticat.png","contentUrl":"https:\/\/atanasijornet.com\/wp-content\/uploads\/2026\/04\/acusticat.png","width":2225,"height":1035,"caption":"acusticat 2026"},{"@type":"BreadcrumbList","@id":"https:\/\/atanasijornet.com\/ca\/atanasi-jornet-participa-en-la-taula-rodona-sobre-el-procediment-davant-duna-denuncia-per-molesties-de-soroll-al-congres-dacustica-de-catalunya\/#breadcrumb","itemListElement":[{"@type":"ListItem","position":1,"name":"Portada","item":"https:\/\/atanasijornet.com\/ca\/"},{"@type":"ListItem","position":2,"name":"Atanasi Jornet participa en la taula rodona sobre el procediment davant d\u2019una den\u00fancia per mol\u00e8sties de soroll al Congr\u00e9s d\u2019Ac\u00fastica de Catalunya"}]},{"@type":"WebSite","@id":"https:\/\/atanasijornet.com\/#website","url":"https:\/\/atanasijornet.com\/","name":"Atanasi Jornet","description":"","potentialAction":[{"@type":"SearchAction","target":{"@type":"EntryPoint","urlTemplate":"https:\/\/atanasijornet.com\/?s={search_term_string}"},"query-input":{"@type":"PropertyValueSpecification","valueRequired":true,"valueName":"search_term_string"}}],"inLanguage":"ca"},{"@type":"Person","@id":"https:\/\/atanasijornet.com\/#\/schema\/person\/bf3049a3808b2eb31f79e209e9ad3096","name":"atanasi","image":{"@type":"ImageObject","inLanguage":"ca","@id":"https:\/\/atanasijornet.com\/#\/schema\/person\/image\/","url":"https:\/\/secure.gravatar.com\/avatar\/8949e39e713e949d6a44bdc36880a16716ec11a7216b3e37c785c4d8f89055bd?s=96&d=mm&r=g","contentUrl":"https:\/\/secure.gravatar.com\/avatar\/8949e39e713e949d6a44bdc36880a16716ec11a7216b3e37c785c4d8f89055bd?s=96&d=mm&r=g","caption":"atanasi"},"url":"https:\/\/atanasijornet.com\/ca\/author\/atanasi\/"}]}},"_links":{"self":[{"href":"https:\/\/atanasijornet.com\/ca\/wp-json\/wp\/v2\/posts\/1841","targetHints":{"allow":["GET"]}}],"collection":[{"href":"https:\/\/atanasijornet.com\/ca\/wp-json\/wp\/v2\/posts"}],"about":[{"href":"https:\/\/atanasijornet.com\/ca\/wp-json\/wp\/v2\/types\/post"}],"author":[{"embeddable":true,"href":"https:\/\/atanasijornet.com\/ca\/wp-json\/wp\/v2\/users\/6"}],"replies":[{"embeddable":true,"href":"https:\/\/atanasijornet.com\/ca\/wp-json\/wp\/v2\/comments?post=1841"}],"version-history":[{"count":1,"href":"https:\/\/atanasijornet.com\/ca\/wp-json\/wp\/v2\/posts\/1841\/revisions"}],"predecessor-version":[{"id":1842,"href":"https:\/\/atanasijornet.com\/ca\/wp-json\/wp\/v2\/posts\/1841\/revisions\/1842"}],"wp:featuredmedia":[{"embeddable":true,"href":"https:\/\/atanasijornet.com\/ca\/wp-json\/wp\/v2\/media\/1838"}],"wp:attachment":[{"href":"https:\/\/atanasijornet.com\/ca\/wp-json\/wp\/v2\/media?parent=1841"}],"wp:term":[{"taxonomy":"category","embeddable":true,"href":"https:\/\/atanasijornet.com\/ca\/wp-json\/wp\/v2\/categories?post=1841"},{"taxonomy":"post_tag","embeddable":true,"href":"https:\/\/atanasijornet.com\/ca\/wp-json\/wp\/v2\/tags?post=1841"}],"curies":[{"name":"wp","href":"https:\/\/api.w.org\/{rel}","templated":true}]}}